{"id":110,"date":"2026-03-08T20:57:54","date_gmt":"2026-03-08T19:57:54","guid":{"rendered":"https:\/\/wkptg.pl\/?p=110"},"modified":"2026-03-21T20:20:05","modified_gmt":"2026-03-21T19:20:05","slug":"zamek-szczytna","status":"publish","type":"post","link":"https:\/\/wkptg.pl\/index.php\/2026\/03\/08\/zamek-szczytna\/","title":{"rendered":"Zamek Szczytna"},"content":{"rendered":"<h3 style=\"text-align: center;\" align=\"LEFT\"><span style=\"color: #008000;\">Wycieczka z cyklu \u201eW\u0119druj z nami, wa\u0142brzyskimi przodownikami&#8221;<\/span><\/h3>\n<p align=\"LEFT\">Trasa: Szczytna (staja kolejowa) \u2013 zamek Le\u015bna Ska\u0142a \u2013 kalwaria g\u00f3rska \u2013 Go\u015bciniec \u201ePiekie\u0142ko\u201d \u2013 Piekielna Prze\u0142\u0119cz \u2013 Polanica-Zdr\u00f3j (staja kolejowa).<\/p>\n<p align=\"LEFT\">Wycieczk\u0119 rozpocz\u0119li\u015bmy na stacji kolejowej w Szczytnej.<\/p>\n<p align=\"LEFT\">Tutaj zosta\u0142y przekazane informacje o historii linii kolejowej nr 309 \u0142\u0105cz\u0105cej K\u0142odzko z Dusznikami-Zdr\u00f3j oraz historia miasta Szczytna.<\/p>\n<p align=\"LEFT\">Dalej pod\u0105\u017cyli\u015bmy \u017c\u00f3\u0142tym szlakiem w kierunku zamku Le\u015bna Ska\u0142a.<\/p>\n<p align=\"LEFT\">Pod drodze odwiedzili\u015bmy figur\u0119 \u015bw. Jana Nepomucena, dawn\u0105 hut\u0119 szk\u0142a kryszta\u0142owego \u201eSudety\u201d.<\/p>\n<p align=\"LEFT\"><img loading=\"lazy\" decoding=\"async\" class=\"size-full wp-image-152 aligncenter\" src=\"https:\/\/wkptg.pl\/wp-content\/uploads\/2026\/03\/IMG20260131121537.jpg\" alt=\"\" width=\"576\" height=\"1024\" srcset=\"https:\/\/wkptg.pl\/wp-content\/uploads\/2026\/03\/IMG20260131121537.jpg 576w, https:\/\/wkptg.pl\/wp-content\/uploads\/2026\/03\/IMG20260131121537-169x300.jpg 169w, https:\/\/wkptg.pl\/wp-content\/uploads\/2026\/03\/IMG20260131121537-197x350.jpg 197w, https:\/\/wkptg.pl\/wp-content\/uploads\/2026\/03\/IMG20260131121537-84x150.jpg 84w\" sizes=\"auto, (max-width: 576px) 100vw, 576px\" \/><\/p>\n<p align=\"LEFT\">Nast\u0119pnie zacz\u0119li\u015bmy kierowa\u0107 si\u0119 w stron\u0119 zamku Le\u015bna Ska\u0142a.<\/p>\n<p align=\"LEFT\">Gdy dotarli\u015bmy na miejsce, to us\u0142yszeli\u015bmy pi\u0119kn\u0105 historie powstania tego zamku.<\/p>\n<p align=\"LEFT\"><img loading=\"lazy\" decoding=\"async\" class=\"size-full wp-image-154 aligncenter\" src=\"https:\/\/wkptg.pl\/wp-content\/uploads\/2026\/03\/IMG20260131124840.jpg\" alt=\"\" width=\"1024\" height=\"576\" srcset=\"https:\/\/wkptg.pl\/wp-content\/uploads\/2026\/03\/IMG20260131124840.jpg 1024w, https:\/\/wkptg.pl\/wp-content\/uploads\/2026\/03\/IMG20260131124840-300x169.jpg 300w, https:\/\/wkptg.pl\/wp-content\/uploads\/2026\/03\/IMG20260131124840-768x432.jpg 768w, https:\/\/wkptg.pl\/wp-content\/uploads\/2026\/03\/IMG20260131124840-622x350.jpg 622w, https:\/\/wkptg.pl\/wp-content\/uploads\/2026\/03\/IMG20260131124840-150x84.jpg 150w\" sizes=\"auto, (max-width: 1024px) 100vw, 1024px\" \/><\/p>\n<p align=\"LEFT\">Dzi\u0119ki uprzejmo\u015bci ksi\u0119\u017cy ze Zgromadzenia Misjonarzy \u015awi\u0119tej Rodziny, pod opiek\u0105 kt\u00f3rych jest zamek, uda\u0142o nam si\u0119 wej\u015b\u0107 do przyzamkowej kaplicy.<\/p>\n<p align=\"LEFT\"><img loading=\"lazy\" decoding=\"async\" class=\"size-full wp-image-153 aligncenter\" src=\"https:\/\/wkptg.pl\/wp-content\/uploads\/2026\/03\/IMG20260131122404.jpg\" alt=\"\" width=\"576\" height=\"1024\" srcset=\"https:\/\/wkptg.pl\/wp-content\/uploads\/2026\/03\/IMG20260131122404.jpg 576w, https:\/\/wkptg.pl\/wp-content\/uploads\/2026\/03\/IMG20260131122404-169x300.jpg 169w, https:\/\/wkptg.pl\/wp-content\/uploads\/2026\/03\/IMG20260131122404-197x350.jpg 197w, https:\/\/wkptg.pl\/wp-content\/uploads\/2026\/03\/IMG20260131122404-84x150.jpg 84w\" sizes=\"auto, (max-width: 576px) 100vw, 576px\" \/><\/p>\n<p align=\"LEFT\">Obecnie jest to parafia Matki Bo\u017cej Kr\u00f3lowej Pokoju w Szczytnej.<\/p>\n<p align=\"LEFT\"><img loading=\"lazy\" decoding=\"async\" class=\"size-full wp-image-108 aligncenter\" src=\"https:\/\/wkptg.pl\/wp-content\/uploads\/2026\/03\/624545066_889832797077458_7184136012873283655_n-e1772999294984.jpg\" alt=\"\" width=\"1024\" height=\"576\" \/><\/p>\n<p align=\"LEFT\">Kolejnym punktem naszej wycieczki by\u0142a malowniczo po\u0142o\u017cona w\u015br\u00f3d piaskowcowych ska\u0142 kalwaria g\u00f3rska.<\/p>\n<p align=\"LEFT\"><img loading=\"lazy\" decoding=\"async\" class=\"size-full wp-image-155 aligncenter\" src=\"https:\/\/wkptg.pl\/wp-content\/uploads\/2026\/03\/IMG20260131131743.jpg\" alt=\"\" width=\"1024\" height=\"576\" srcset=\"https:\/\/wkptg.pl\/wp-content\/uploads\/2026\/03\/IMG20260131131743.jpg 1024w, https:\/\/wkptg.pl\/wp-content\/uploads\/2026\/03\/IMG20260131131743-300x169.jpg 300w, https:\/\/wkptg.pl\/wp-content\/uploads\/2026\/03\/IMG20260131131743-768x432.jpg 768w, https:\/\/wkptg.pl\/wp-content\/uploads\/2026\/03\/IMG20260131131743-622x350.jpg 622w, https:\/\/wkptg.pl\/wp-content\/uploads\/2026\/03\/IMG20260131131743-150x84.jpg 150w\" sizes=\"auto, (max-width: 1024px) 100vw, 1024px\" \/><\/p>\n<p align=\"LEFT\">Wycieczka nasza pod\u0105\u017cy\u0142a \u017c\u00f3\u0142tym szlakiem w kierunku Piekielnej Prze\u0142\u0119czy, po drodze odwiedzaj\u0105c Go\u015bciniec \u201ePiekie\u0142ko\u201d, gdzie grupa mog\u0142a chwil\u0119 odpocz\u0105\u0107 i rozgrza\u0107 si\u0119 popijaj\u0105c gor\u0105c\u0105 herbat\u0119.<\/p>\n<p align=\"LEFT\">Ze wzgl\u0119du na trudne warunki pogodowe musieli\u015bmy zmodyfikowa\u0107 nasz\u0105 tras\u0119, wi\u0119c z Piekielnej Prze\u0142\u0119czy zeszli\u015bmy \u017c\u00f3\u0142tym szlakiem prosto do Polanicy-Zdroju.<\/p>\n<p align=\"LEFT\">Bardzo dzi\u0119kujemy wspania\u0142ej grupie, mi\u0142o nam by\u0142o Pa\u0144stwa poprowadzi\u0107 i ju\u017c dzi\u015b zapraszamy na kolejn\u0105 wycieczk\u0119, kt\u00f3ra odb\u0119dzie si\u0119 28 lutego 2026 roku.<\/p>\n<p align=\"LEFT\">B\u0119dzie to niesamowity spacer po Bukowcu, gdzie zapoznamy si\u0119 z histori\u0105 rodziny von Reden.<\/p>\n<p align=\"LEFT\">Renata i Dariusz Wiczkowscy.<\/p>\n<p>&nbsp;<\/p>\n","protected":false},"excerpt":{"rendered":"<p>Wycieczka z cyklu \u201eW\u0119druj z nami, wa\u0142brzyskimi przodownikami&#8221; Trasa: Szczytna (staja kolejowa) \u2013 zamek Le\u015bna Ska\u0142a \u2013 kalwaria g\u00f3rska \u2013 Go\u015bciniec \u201ePiekie\u0142ko\u201d \u2013 Piekielna Prze\u0142\u0119cz \u2013 Polanica-Zdr\u00f3j (staja kolejowa). Wycieczk\u0119&#8230; <a class=\"continue-reading-link\" href=\"https:\/\/wkptg.pl\/index.php\/2026\/03\/08\/zamek-szczytna\/\">Czytaj dalej<\/a><\/p>\n","protected":false},"author":1,"featured_media":0,"comment_status":"open","ping_status":"open","sticky":false,"template":"","format":"standard","meta":{"footnotes":""},"categories":[9],"tags":[11,14,12],"class_list":["post-110","post","type-post","status-publish","format-standard","hentry","category-relacje","tag-gory","tag-sudety","tag-wycieczki"],"_links":{"self":[{"href":"https:\/\/wkptg.pl\/index.php\/wp-json\/wp\/v2\/posts\/110","targetHints":{"allow":["GET"]}}],"collection":[{"href":"https:\/\/wkptg.pl\/index.php\/wp-json\/wp\/v2\/posts"}],"about":[{"href":"https:\/\/wkptg.pl\/index.php\/wp-json\/wp\/v2\/types\/post"}],"author":[{"embeddable":true,"href":"https:\/\/wkptg.pl\/index.php\/wp-json\/wp\/v2\/users\/1"}],"replies":[{"embeddable":true,"href":"https:\/\/wkptg.pl\/index.php\/wp-json\/wp\/v2\/comments?post=110"}],"version-history":[{"count":5,"href":"https:\/\/wkptg.pl\/index.php\/wp-json\/wp\/v2\/posts\/110\/revisions"}],"predecessor-version":[{"id":164,"href":"https:\/\/wkptg.pl\/index.php\/wp-json\/wp\/v2\/posts\/110\/revisions\/164"}],"wp:attachment":[{"href":"https:\/\/wkptg.pl\/index.php\/wp-json\/wp\/v2\/media?parent=110"}],"wp:term":[{"taxonomy":"category","embeddable":true,"href":"https:\/\/wkptg.pl\/index.php\/wp-json\/wp\/v2\/categories?post=110"},{"taxonomy":"post_tag","embeddable":true,"href":"https:\/\/wkptg.pl\/index.php\/wp-json\/wp\/v2\/tags?post=110"}],"curies":[{"name":"wp","href":"https:\/\/api.w.org\/{rel}","templated":true}]}}